{"id":3899,"date":"2019-04-21T22:39:15","date_gmt":"2019-04-21T19:39:15","guid":{"rendered":"https:\/\/www.erdemyorukoglu.com\/tr\/?p=3899"},"modified":"2019-08-13T14:04:48","modified_gmt":"2019-08-13T11:04:48","slug":"7-ulusal-fizyoterapi-ve-rehabilitasyon-kongresi","status":"publish","type":"post","link":"https:\/\/www.erdemyorukoglu.com\/tr\/7-ulusal-fizyoterapi-ve-rehabilitasyon-kongresi\/","title":{"rendered":"7. Ulusal Fizyoterapi ve Rehabilitasyon Kongresi"},"content":{"rendered":"<p>7. Ulusal Fizyoterapi ve Rehabilitasyon kongresi tamamland\u0131. Kongreyi ba\u015far\u0131yla organize eden ba\u015fta Fizyoterapistler Derne\u011fi ba\u015fkan\u0131 Prof. Dr. T\u00fclin D\u00fcger olmak \u00fczere eme\u011fi ge\u00e7en herkesi tebrik ediyoruz.<\/p>\n<div id='gallery-1' class='gallery galleryid-3899 gallery-columns-3 gallery-size-large'><figure class='gallery-item'>\r\n\t\t\t<div class='gallery-icon landscape'>\r\n\t\t\t\t<a href='https:\/\/www.erdemyorukoglu.com\/tr\/7-ulusal-fizyoterapi-ve-rehabilitasyon-kongresi\/img-20190421-wa0001\/'><img loading=\"lazy\" decoding=\"async\" width=\"660\" height=\"495\" src=\"https:\/\/www.erdemyorukoglu.com\/wp-content\/uploads\/2019\/04\/IMG-20190421-WA0001-1024x768.jpg\" class=\"attachment-large size-large\" alt=\"Erdem Y\u00f6r\u00fcko\u011flu\" aria-describedby=\"gallery-1-3902\" srcset=\"https:\/\/www.erdemyorukoglu.com\/wp-content\/uploads\/2019\/04\/IMG-20190421-WA0001-1024x768.jpg 1024w, https:\/\/www.erdemyorukoglu.com\/wp-content\/uploads\/2019\/04\/IMG-20190421-WA0001-300x225.jpg 300w, https:\/\/www.erdemyorukoglu.com\/wp-content\/uploads\/2019\/04\/IMG-20190421-WA0001-768x576.jpg 768w, https:\/\/www.erdemyorukoglu.com\/wp-content\/uploads\/2019\/04\/IMG-20190421-WA0001.jpg 1600w\" sizes=\"auto, (max-width: 660px) 100vw, 660px\" \/><\/a>\r\n\t\t\t<\/div>\r\n\t\t\t\t<figcaption class='wp-caption-text gallery-caption' id='gallery-1-3902'>\r\n\t\t\t\t7. Ulusal Fizyoterapi ve Rehabilitasyon Kongresi\r\n\t\t\t\t<\/figcaption><\/figure><figure class='gallery-item'>\r\n\t\t\t<div class='gallery-icon landscape'>\r\n\t\t\t\t<a href='https:\/\/www.erdemyorukoglu.com\/tr\/7-ulusal-fizyoterapi-ve-rehabilitasyon-kongresi\/img-20190421-wa0004\/'><img loading=\"lazy\" decoding=\"async\" width=\"660\" height=\"495\" src=\"https:\/\/www.erdemyorukoglu.com\/wp-content\/uploads\/2019\/04\/IMG-20190421-WA0004-1024x768.jpg\" class=\"attachment-large size-large\" alt=\"Erdem Y\u00f6r\u00fcko\u011flu\" aria-describedby=\"gallery-1-3900\" srcset=\"https:\/\/www.erdemyorukoglu.com\/wp-content\/uploads\/2019\/04\/IMG-20190421-WA0004-1024x768.jpg 1024w, https:\/\/www.erdemyorukoglu.com\/wp-content\/uploads\/2019\/04\/IMG-20190421-WA0004-300x225.jpg 300w, https:\/\/www.erdemyorukoglu.com\/wp-content\/uploads\/2019\/04\/IMG-20190421-WA0004-768x576.jpg 768w, https:\/\/www.erdemyorukoglu.com\/wp-content\/uploads\/2019\/04\/IMG-20190421-WA0004.jpg 1600w\" sizes=\"auto, (max-width: 660px) 100vw, 660px\" \/><\/a>\r\n\t\t\t<\/div>\r\n\t\t\t\t<figcaption class='wp-caption-text gallery-caption' id='gallery-1-3900'>\r\n\t\t\t\t7. Ulusal Fizyoterapi ve Rehabilitasyon Kongresi\r\n\t\t\t\t<\/figcaption><\/figure><figure class='gallery-item'>\r\n\t\t\t<div class='gallery-icon portrait'>\r\n\t\t\t\t<a href='https:\/\/www.erdemyorukoglu.com\/tr\/7-ulusal-fizyoterapi-ve-rehabilitasyon-kongresi\/img-20190421-wa0003\/'><img loading=\"lazy\" decoding=\"async\" width=\"660\" height=\"880\" src=\"https:\/\/www.erdemyorukoglu.com\/wp-content\/uploads\/2019\/04\/IMG-20190421-WA0003-768x1024.jpg\" class=\"attachment-large size-large\" alt=\"Erdem Y\u00f6r\u00fcko\u011flu\" aria-describedby=\"gallery-1-3901\" srcset=\"https:\/\/www.erdemyorukoglu.com\/wp-content\/uploads\/2019\/04\/IMG-20190421-WA0003-768x1024.jpg 768w, https:\/\/www.erdemyorukoglu.com\/wp-content\/uploads\/2019\/04\/IMG-20190421-WA0003-225x300.jpg 225w, https:\/\/www.erdemyorukoglu.com\/wp-content\/uploads\/2019\/04\/IMG-20190421-WA0003.jpg 1200w\" sizes=\"auto, (max-width: 660px) 100vw, 660px\" \/><\/a>\r\n\t\t\t<\/div>\r\n\t\t\t\t<figcaption class='wp-caption-text gallery-caption' id='gallery-1-3901'>\r\n\t\t\t\t7. Ulusal Fizyoterapi ve Rehabilitasyon Kongresi\r\n\t\t\t\t<\/figcaption><\/figure><figure class='gallery-item'>\r\n\t\t\t<div class='gallery-icon portrait'>\r\n\t\t\t\t<a href='https:\/\/www.erdemyorukoglu.com\/tr\/7-ulusal-fizyoterapi-ve-rehabilitasyon-kongresi\/img-20190421-wa0005\/'><img loading=\"lazy\" decoding=\"async\" width=\"660\" height=\"880\" src=\"https:\/\/www.erdemyorukoglu.com\/wp-content\/uploads\/2019\/04\/IMG-20190421-WA0005-768x1024.jpg\" class=\"attachment-large size-large\" alt=\"Erdem Y\u00f6r\u00fcko\u011flu\" aria-describedby=\"gallery-1-3903\" srcset=\"https:\/\/www.erdemyorukoglu.com\/wp-content\/uploads\/2019\/04\/IMG-20190421-WA0005-768x1024.jpg 768w, https:\/\/www.erdemyorukoglu.com\/wp-content\/uploads\/2019\/04\/IMG-20190421-WA0005-225x300.jpg 225w, https:\/\/www.erdemyorukoglu.com\/wp-content\/uploads\/2019\/04\/IMG-20190421-WA0005.jpg 1200w\" sizes=\"auto, (max-width: 660px) 100vw, 660px\" \/><\/a>\r\n\t\t\t<\/div>\r\n\t\t\t\t<figcaption class='wp-caption-text gallery-caption' id='gallery-1-3903'>\r\n\t\t\t\t7. Ulusal Fizyoterapi ve Rehabilitasyon Kongresi\r\n\t\t\t\t<\/figcaption><\/figure><figure class='gallery-item'>\r\n\t\t\t<div class='gallery-icon portrait'>\r\n\t\t\t\t<a href='https:\/\/www.erdemyorukoglu.com\/tr\/7-ulusal-fizyoterapi-ve-rehabilitasyon-kongresi\/img-20190421-wa0002\/'><img loading=\"lazy\" decoding=\"async\" width=\"660\" height=\"880\" src=\"https:\/\/www.erdemyorukoglu.com\/wp-content\/uploads\/2019\/04\/IMG-20190421-WA0002-768x1024.jpg\" class=\"attachment-large size-large\" alt=\"Erdem Y\u00f6r\u00fcko\u011flu\" aria-describedby=\"gallery-1-3904\" srcset=\"https:\/\/www.erdemyorukoglu.com\/wp-content\/uploads\/2019\/04\/IMG-20190421-WA0002-768x1024.jpg 768w, https:\/\/www.erdemyorukoglu.com\/wp-content\/uploads\/2019\/04\/IMG-20190421-WA0002-225x300.jpg 225w, https:\/\/www.erdemyorukoglu.com\/wp-content\/uploads\/2019\/04\/IMG-20190421-WA0002.jpg 1200w\" sizes=\"auto, (max-width: 660px) 100vw, 660px\" \/><\/a>\r\n\t\t\t<\/div>\r\n\t\t\t\t<figcaption class='wp-caption-text gallery-caption' id='gallery-1-3904'>\r\n\t\t\t\t7. Ulusal Fizyoterapi ve Rehabilitasyon Kongresi\r\n\t\t\t\t<\/figcaption><\/figure><\/div>\n\n","protected":false},"excerpt":{"rendered":"<p>7. Ulusal Fizyoterapi ve Rehabilitasyon kongresi tamamland\u0131. Kongreyi ba\u015far\u0131yla organize eden ba\u015fta Fizyoterapistler Derne\u011fi ba\u015fkan\u0131 Prof. Dr. T\u00fclin D\u00fcger olmak \u00fczere eme\u011fi ge\u00e7en herkesi tebrik ediyoruz.<\/p>\n","protected":false},"author":1,"featured_media":3902,"comment_status":"open","ping_status":"open","sticky":true,"template":"","format":"aside","meta":{"inline_featured_image":false,"footnotes":""},"categories":[2],"tags":[],"class_list":["post-3899","post","type-post","status-publish","format-aside","has-post-thumbnail","hentry","category-egitim","post_format-post-format-aside"],"yoast_head":"<!-- This site is optimized with the Yoast SEO plugin v25.7 - https:\/\/yoast.com\/wordpress\/plugins\/seo\/ -->\n<title>Ulusal Fizyoterapi ve Rehabilitasyon Kongresi<\/title>\n<meta name=\"description\" content=\"7. Ulusal Fizyoterapi ve Rehabilitasyon kongresi tamamland\u0131. Kongreyi ba\u015far\u0131yla organize eden ba\u015fta Fizyoterapistler Derne\u011fi ba\u015fkan\u0131 Prof. Dr. T\u00fclin D\u00fcger olmak \u00fczere eme\u011fi ge\u00e7en herkesi tebrik ediyoruz.\" \/>\n<meta name=\"robots\" content=\"index, follow, max-snippet:-1, max-image-preview:large, max-video-preview:-1\" \/>\n<link rel=\"canonical\" href=\"https:\/\/www.erdemyorukoglu.com\/tr\/7-ulusal-fizyoterapi-ve-rehabilitasyon-kongresi\/\" \/>\n<meta property=\"og:locale\" content=\"tr_TR\" \/>\n<meta property=\"og:locale:alternate\" content=\"en_US\" \/>\n<meta property=\"og:locale:alternate\" content=\"De_GR\" \/>\n<meta property=\"og:type\" content=\"article\" \/>\n<meta property=\"og:title\" content=\"Ulusal Fizyoterapi ve Rehabilitasyon Kongresi\" \/>\n<meta property=\"og:description\" content=\"7. Ulusal Fizyoterapi ve Rehabilitasyon kongresi tamamland\u0131. Kongreyi ba\u015far\u0131yla organize eden ba\u015fta Fizyoterapistler Derne\u011fi ba\u015fkan\u0131 Prof. Dr. T\u00fclin D\u00fcger olmak \u00fczere eme\u011fi ge\u00e7en herkesi tebrik ediyoruz.\" \/>\n<meta property=\"og:url\" content=\"https:\/\/www.erdemyorukoglu.com\/tr\/7-ulusal-fizyoterapi-ve-rehabilitasyon-kongresi\/\" \/>\n<meta property=\"og:site_name\" content=\"Erdem Y\u00f6r\u00fcko\u011flu \/\/ Manuel Terapi, Fizyoterapist, Ankara\" \/>\n<meta property=\"article:published_time\" content=\"2019-04-21T19:39:15+00:00\" \/>\n<meta property=\"article:modified_time\" content=\"2019-08-13T11:04:48+00:00\" \/>\n<meta property=\"og:image\" content=\"https:\/\/www.erdemyorukoglu.com\/wp-content\/uploads\/2019\/04\/IMG-20190421-WA0001.jpg\" \/>\n\t<meta property=\"og:image:width\" content=\"1600\" \/>\n\t<meta property=\"og:image:height\" content=\"1200\" \/>\n\t<meta property=\"og:image:type\" content=\"image\/jpeg\" \/>\n<meta name=\"author\" content=\"Erdem Y\u00f6r\u00fcko\u011flu\" \/>\n<meta name=\"twitter:card\" content=\"summary_large_image\" \/>\n<meta name=\"twitter:label1\" content=\"Yazan:\" \/>\n\t<meta name=\"twitter:data1\" content=\"Erdem Y\u00f6r\u00fcko\u011flu\" \/>\n\t<meta name=\"twitter:label2\" content=\"Tahmini okuma s\u00fcresi\" \/>\n\t<meta name=\"twitter:data2\" content=\"1 dakika\" \/>\n<script type=\"application\/ld+json\" class=\"yoast-schema-graph\">{\"@context\":\"https:\/\/schema.org\",\"@graph\":[{\"@type\":\"Article\",\"@id\":\"https:\/\/www.erdemyorukoglu.com\/de\/7-ulusal-fizyoterapi-ve-rehabilitasyon-kongresi\/#article\",\"isPartOf\":{\"@id\":\"https:\/\/www.erdemyorukoglu.com\/de\/7-ulusal-fizyoterapi-ve-rehabilitasyon-kongresi\/\"},\"author\":{\"name\":\"Erdem Y\u00f6r\u00fcko\u011flu\",\"@id\":\"https:\/\/www.erdemyorukoglu.com\/en\/#\/schema\/person\/854314645f5beb1ce61d3d55971d52e1\"},\"headline\":\"7. Ulusal Fizyoterapi ve Rehabilitasyon Kongresi\",\"datePublished\":\"2019-04-21T19:39:15+00:00\",\"dateModified\":\"2019-08-13T11:04:48+00:00\",\"mainEntityOfPage\":{\"@id\":\"https:\/\/www.erdemyorukoglu.com\/de\/7-ulusal-fizyoterapi-ve-rehabilitasyon-kongresi\/\"},\"wordCount\":142,\"commentCount\":0,\"publisher\":{\"@id\":\"https:\/\/www.erdemyorukoglu.com\/en\/#\/schema\/person\/854314645f5beb1ce61d3d55971d52e1\"},\"image\":{\"@id\":\"https:\/\/www.erdemyorukoglu.com\/de\/7-ulusal-fizyoterapi-ve-rehabilitasyon-kongresi\/#primaryimage\"},\"thumbnailUrl\":\"https:\/\/www.erdemyorukoglu.com\/wp-content\/uploads\/2019\/04\/IMG-20190421-WA0001.jpg\",\"articleSection\":[\"E\u011fitim\"],\"inLanguage\":\"tr-TR\",\"potentialAction\":[{\"@type\":\"CommentAction\",\"name\":\"Comment\",\"target\":[\"https:\/\/www.erdemyorukoglu.com\/de\/7-ulusal-fizyoterapi-ve-rehabilitasyon-kongresi\/#respond\"]}]},{\"@type\":\"WebPage\",\"@id\":\"https:\/\/www.erdemyorukoglu.com\/de\/7-ulusal-fizyoterapi-ve-rehabilitasyon-kongresi\/\",\"url\":\"https:\/\/www.erdemyorukoglu.com\/de\/7-ulusal-fizyoterapi-ve-rehabilitasyon-kongresi\/\",\"name\":\"Ulusal Fizyoterapi ve Rehabilitasyon Kongresi\",\"isPartOf\":{\"@id\":\"https:\/\/www.erdemyorukoglu.com\/en\/#website\"},\"primaryImageOfPage\":{\"@id\":\"https:\/\/www.erdemyorukoglu.com\/de\/7-ulusal-fizyoterapi-ve-rehabilitasyon-kongresi\/#primaryimage\"},\"image\":{\"@id\":\"https:\/\/www.erdemyorukoglu.com\/de\/7-ulusal-fizyoterapi-ve-rehabilitasyon-kongresi\/#primaryimage\"},\"thumbnailUrl\":\"https:\/\/www.erdemyorukoglu.com\/wp-content\/uploads\/2019\/04\/IMG-20190421-WA0001.jpg\",\"datePublished\":\"2019-04-21T19:39:15+00:00\",\"dateModified\":\"2019-08-13T11:04:48+00:00\",\"description\":\"7. Ulusal Fizyoterapi ve Rehabilitasyon kongresi tamamland\u0131. Kongreyi ba\u015far\u0131yla organize eden ba\u015fta Fizyoterapistler Derne\u011fi ba\u015fkan\u0131 Prof. Dr. T\u00fclin D\u00fcger olmak \u00fczere eme\u011fi ge\u00e7en herkesi tebrik ediyoruz.\",\"breadcrumb\":{\"@id\":\"https:\/\/www.erdemyorukoglu.com\/de\/7-ulusal-fizyoterapi-ve-rehabilitasyon-kongresi\/#breadcrumb\"},\"inLanguage\":\"tr-TR\",\"potentialAction\":[{\"@type\":\"ReadAction\",\"target\":[\"https:\/\/www.erdemyorukoglu.com\/de\/7-ulusal-fizyoterapi-ve-rehabilitasyon-kongresi\/\"]}]},{\"@type\":\"ImageObject\",\"inLanguage\":\"tr-TR\",\"@id\":\"https:\/\/www.erdemyorukoglu.com\/de\/7-ulusal-fizyoterapi-ve-rehabilitasyon-kongresi\/#primaryimage\",\"url\":\"https:\/\/www.erdemyorukoglu.com\/wp-content\/uploads\/2019\/04\/IMG-20190421-WA0001.jpg\",\"contentUrl\":\"https:\/\/www.erdemyorukoglu.com\/wp-content\/uploads\/2019\/04\/IMG-20190421-WA0001.jpg\",\"width\":1600,\"height\":1200,\"caption\":\"7. Ulusal Fizyoterapi ve Rehabilitasyon Kongresi\"},{\"@type\":\"BreadcrumbList\",\"@id\":\"https:\/\/www.erdemyorukoglu.com\/de\/7-ulusal-fizyoterapi-ve-rehabilitasyon-kongresi\/#breadcrumb\",\"itemListElement\":[{\"@type\":\"ListItem\",\"position\":1,\"name\":\"MANUEL TERAP\u0130 ANKARA %%sep%% %%sitename%%\",\"item\":\"https:\/\/www.erdemyorukoglu.com\/de\/\"},{\"@type\":\"ListItem\",\"position\":2,\"name\":\"7. Nationaler Kongress f\u00fcr Physiotherapie und Rehabilitation\"}]},{\"@type\":\"WebSite\",\"@id\":\"https:\/\/www.erdemyorukoglu.com\/en\/#website\",\"url\":\"https:\/\/www.erdemyorukoglu.com\/en\/\",\"name\":\"Erdem Y\u00f6r\u00fcko\u011flu \/\/ Manuel Terapi, Fizyoterapist, Ankara\",\"description\":\"Manuel Terapi, Kayropraktik, Fizyoterapi, Bel ve Boyun F\u0131t\u0131\u011f\u0131, Lenf\u00f6dem Tedavisi, Gyrotonic, Skolyoz, Ankara\",\"publisher\":{\"@id\":\"https:\/\/www.erdemyorukoglu.com\/en\/#\/schema\/person\/854314645f5beb1ce61d3d55971d52e1\"},\"potentialAction\":[{\"@type\":\"SearchAction\",\"target\":{\"@type\":\"EntryPoint\",\"urlTemplate\":\"https:\/\/www.erdemyorukoglu.com\/en\/?s={search_term_string}\"},\"query-input\":{\"@type\":\"PropertyValueSpecification\",\"valueRequired\":true,\"valueName\":\"search_term_string\"}}],\"inLanguage\":\"tr-TR\"},{\"@type\":[\"Person\",\"Organization\"],\"@id\":\"https:\/\/www.erdemyorukoglu.com\/en\/#\/schema\/person\/854314645f5beb1ce61d3d55971d52e1\",\"name\":\"Erdem Y\u00f6r\u00fcko\u011flu\",\"image\":{\"@type\":\"ImageObject\",\"inLanguage\":\"tr-TR\",\"@id\":\"https:\/\/www.erdemyorukoglu.com\/en\/#\/schema\/person\/image\/\",\"url\":\"https:\/\/www.erdemyorukoglu.com\/wp-content\/uploads\/2018\/11\/fav-icon-1.png\",\"contentUrl\":\"https:\/\/www.erdemyorukoglu.com\/wp-content\/uploads\/2018\/11\/fav-icon-1.png\",\"width\":512,\"height\":512,\"caption\":\"Erdem Y\u00f6r\u00fcko\u011flu\"},\"logo\":{\"@id\":\"https:\/\/www.erdemyorukoglu.com\/en\/#\/schema\/person\/image\/\"}}]}<\/script>\n<!-- \/ Yoast SEO plugin. -->","yoast_head_json":{"title":"Ulusal Fizyoterapi ve Rehabilitasyon Kongresi","description":"7. Ulusal Fizyoterapi ve Rehabilitasyon kongresi tamamland\u0131. Kongreyi ba\u015far\u0131yla organize eden ba\u015fta Fizyoterapistler Derne\u011fi ba\u015fkan\u0131 Prof. Dr. T\u00fclin D\u00fcger olmak \u00fczere eme\u011fi ge\u00e7en herkesi tebrik ediyoruz.","robots":{"index":"index","follow":"follow","max-snippet":"max-snippet:-1","max-image-preview":"max-image-preview:large","max-video-preview":"max-video-preview:-1"},"canonical":"https:\/\/www.erdemyorukoglu.com\/tr\/7-ulusal-fizyoterapi-ve-rehabilitasyon-kongresi\/","og_locale":"tr_TR","og_type":"article","og_title":"[:tr]Ulusal Fizyoterapi ve Rehabilitasyon Kongresi[:]","og_description":"[:tr]7. Ulusal Fizyoterapi ve Rehabilitasyon kongresi tamamland\u0131. Kongreyi ba\u015far\u0131yla organize eden ba\u015fta Fizyoterapistler Derne\u011fi ba\u015fkan\u0131 Prof. Dr. T\u00fclin D\u00fcger olmak \u00fczere eme\u011fi ge\u00e7en herkesi tebrik ediyoruz.[:]","og_url":"https:\/\/www.erdemyorukoglu.com\/tr\/7-ulusal-fizyoterapi-ve-rehabilitasyon-kongresi\/","og_site_name":"Erdem Y\u00f6r\u00fcko\u011flu \/\/ Manuel Terapi, Fizyoterapist, Ankara","article_published_time":"2019-04-21T19:39:15+00:00","article_modified_time":"2019-08-13T11:04:48+00:00","og_image":[{"width":1600,"height":1200,"url":"https:\/\/www.erdemyorukoglu.com\/wp-content\/uploads\/2019\/04\/IMG-20190421-WA0001.jpg","type":"image\/jpeg"}],"author":"Erdem Y\u00f6r\u00fcko\u011flu","twitter_card":"summary_large_image","twitter_misc":{"Yazan:":"Erdem Y\u00f6r\u00fcko\u011flu","Tahmini okuma s\u00fcresi":"1 dakika"},"schema":{"@context":"https:\/\/schema.org","@graph":[{"@type":"Article","@id":"https:\/\/www.erdemyorukoglu.com\/de\/7-ulusal-fizyoterapi-ve-rehabilitasyon-kongresi\/#article","isPartOf":{"@id":"https:\/\/www.erdemyorukoglu.com\/de\/7-ulusal-fizyoterapi-ve-rehabilitasyon-kongresi\/"},"author":{"name":"Erdem Y\u00f6r\u00fcko\u011flu","@id":"https:\/\/www.erdemyorukoglu.com\/en\/#\/schema\/person\/854314645f5beb1ce61d3d55971d52e1"},"headline":"7. Ulusal Fizyoterapi ve Rehabilitasyon Kongresi","datePublished":"2019-04-21T19:39:15+00:00","dateModified":"2019-08-13T11:04:48+00:00","mainEntityOfPage":{"@id":"https:\/\/www.erdemyorukoglu.com\/de\/7-ulusal-fizyoterapi-ve-rehabilitasyon-kongresi\/"},"wordCount":142,"commentCount":0,"publisher":{"@id":"https:\/\/www.erdemyorukoglu.com\/en\/#\/schema\/person\/854314645f5beb1ce61d3d55971d52e1"},"image":{"@id":"https:\/\/www.erdemyorukoglu.com\/de\/7-ulusal-fizyoterapi-ve-rehabilitasyon-kongresi\/#primaryimage"},"thumbnailUrl":"https:\/\/www.erdemyorukoglu.com\/wp-content\/uploads\/2019\/04\/IMG-20190421-WA0001.jpg","articleSection":["E\u011fitim"],"inLanguage":"tr-TR","potentialAction":[{"@type":"CommentAction","name":"Comment","target":["https:\/\/www.erdemyorukoglu.com\/de\/7-ulusal-fizyoterapi-ve-rehabilitasyon-kongresi\/#respond"]}]},{"@type":"WebPage","@id":"https:\/\/www.erdemyorukoglu.com\/de\/7-ulusal-fizyoterapi-ve-rehabilitasyon-kongresi\/","url":"https:\/\/www.erdemyorukoglu.com\/de\/7-ulusal-fizyoterapi-ve-rehabilitasyon-kongresi\/","name":"Ulusal Fizyoterapi ve Rehabilitasyon Kongresi","isPartOf":{"@id":"https:\/\/www.erdemyorukoglu.com\/en\/#website"},"primaryImageOfPage":{"@id":"https:\/\/www.erdemyorukoglu.com\/de\/7-ulusal-fizyoterapi-ve-rehabilitasyon-kongresi\/#primaryimage"},"image":{"@id":"https:\/\/www.erdemyorukoglu.com\/de\/7-ulusal-fizyoterapi-ve-rehabilitasyon-kongresi\/#primaryimage"},"thumbnailUrl":"https:\/\/www.erdemyorukoglu.com\/wp-content\/uploads\/2019\/04\/IMG-20190421-WA0001.jpg","datePublished":"2019-04-21T19:39:15+00:00","dateModified":"2019-08-13T11:04:48+00:00","description":"7. Ulusal Fizyoterapi ve Rehabilitasyon kongresi tamamland\u0131. Kongreyi ba\u015far\u0131yla organize eden ba\u015fta Fizyoterapistler Derne\u011fi ba\u015fkan\u0131 Prof. Dr. T\u00fclin D\u00fcger olmak \u00fczere eme\u011fi ge\u00e7en herkesi tebrik ediyoruz.","breadcrumb":{"@id":"https:\/\/www.erdemyorukoglu.com\/de\/7-ulusal-fizyoterapi-ve-rehabilitasyon-kongresi\/#breadcrumb"},"inLanguage":"tr-TR","potentialAction":[{"@type":"ReadAction","target":["https:\/\/www.erdemyorukoglu.com\/de\/7-ulusal-fizyoterapi-ve-rehabilitasyon-kongresi\/"]}]},{"@type":"ImageObject","inLanguage":"tr-TR","@id":"https:\/\/www.erdemyorukoglu.com\/de\/7-ulusal-fizyoterapi-ve-rehabilitasyon-kongresi\/#primaryimage","url":"https:\/\/www.erdemyorukoglu.com\/wp-content\/uploads\/2019\/04\/IMG-20190421-WA0001.jpg","contentUrl":"https:\/\/www.erdemyorukoglu.com\/wp-content\/uploads\/2019\/04\/IMG-20190421-WA0001.jpg","width":1600,"height":1200,"caption":"7. Ulusal Fizyoterapi ve Rehabilitasyon Kongresi"},{"@type":"BreadcrumbList","@id":"https:\/\/www.erdemyorukoglu.com\/de\/7-ulusal-fizyoterapi-ve-rehabilitasyon-kongresi\/#breadcrumb","itemListElement":[{"@type":"ListItem","position":1,"name":"MANUEL TERAP\u0130 ANKARA %%sep%% %%sitename%%","item":"https:\/\/www.erdemyorukoglu.com\/de\/"},{"@type":"ListItem","position":2,"name":"7. Nationaler Kongress f\u00fcr Physiotherapie und Rehabilitation"}]},{"@type":"WebSite","@id":"https:\/\/www.erdemyorukoglu.com\/en\/#website","url":"https:\/\/www.erdemyorukoglu.com\/en\/","name":"Erdem Y\u00f6r\u00fcko\u011flu \/\/ Manuel Terapi, Fizyoterapist, Ankara","description":"Manuel Terapi, Kayropraktik, Fizyoterapi, Bel ve Boyun F\u0131t\u0131\u011f\u0131, Lenf\u00f6dem Tedavisi, Gyrotonic, Skolyoz, Ankara","publisher":{"@id":"https:\/\/www.erdemyorukoglu.com\/en\/#\/schema\/person\/854314645f5beb1ce61d3d55971d52e1"},"potentialAction":[{"@type":"SearchAction","target":{"@type":"EntryPoint","urlTemplate":"https:\/\/www.erdemyorukoglu.com\/en\/?s={search_term_string}"},"query-input":{"@type":"PropertyValueSpecification","valueRequired":true,"valueName":"search_term_string"}}],"inLanguage":"tr-TR"},{"@type":["Person","Organization"],"@id":"https:\/\/www.erdemyorukoglu.com\/en\/#\/schema\/person\/854314645f5beb1ce61d3d55971d52e1","name":"Erdem Y\u00f6r\u00fcko\u011flu","image":{"@type":"ImageObject","inLanguage":"tr-TR","@id":"https:\/\/www.erdemyorukoglu.com\/en\/#\/schema\/person\/image\/","url":"https:\/\/www.erdemyorukoglu.com\/wp-content\/uploads\/2018\/11\/fav-icon-1.png","contentUrl":"https:\/\/www.erdemyorukoglu.com\/wp-content\/uploads\/2018\/11\/fav-icon-1.png","width":512,"height":512,"caption":"Erdem Y\u00f6r\u00fcko\u011flu"},"logo":{"@id":"https:\/\/www.erdemyorukoglu.com\/en\/#\/schema\/person\/image\/"}}]}},"_links":{"self":[{"href":"https:\/\/www.erdemyorukoglu.com\/tr\/wp-json\/wp\/v2\/posts\/3899","targetHints":{"allow":["GET"]}}],"collection":[{"href":"https:\/\/www.erdemyorukoglu.com\/tr\/wp-json\/wp\/v2\/posts"}],"about":[{"href":"https:\/\/www.erdemyorukoglu.com\/tr\/wp-json\/wp\/v2\/types\/post"}],"author":[{"embeddable":true,"href":"https:\/\/www.erdemyorukoglu.com\/tr\/wp-json\/wp\/v2\/users\/1"}],"replies":[{"embeddable":true,"href":"https:\/\/www.erdemyorukoglu.com\/tr\/wp-json\/wp\/v2\/comments?post=3899"}],"version-history":[{"count":7,"href":"https:\/\/www.erdemyorukoglu.com\/tr\/wp-json\/wp\/v2\/posts\/3899\/revisions"}],"predecessor-version":[{"id":4076,"href":"https:\/\/www.erdemyorukoglu.com\/tr\/wp-json\/wp\/v2\/posts\/3899\/revisions\/4076"}],"wp:featuredmedia":[{"embeddable":true,"href":"https:\/\/www.erdemyorukoglu.com\/tr\/wp-json\/wp\/v2\/media\/3902"}],"wp:attachment":[{"href":"https:\/\/www.erdemyorukoglu.com\/tr\/wp-json\/wp\/v2\/media?parent=3899"}],"wp:term":[{"taxonomy":"category","embeddable":true,"href":"https:\/\/www.erdemyorukoglu.com\/tr\/wp-json\/wp\/v2\/categories?post=3899"},{"taxonomy":"post_tag","embeddable":true,"href":"https:\/\/www.erdemyorukoglu.com\/tr\/wp-json\/wp\/v2\/tags?post=3899"}],"curies":[{"name":"wp","href":"https:\/\/api.w.org\/{rel}","templated":true}]}}